{"id":398,"date":"2023-09-05T14:11:07","date_gmt":"2023-09-05T14:11:07","guid":{"rendered":"https:\/\/doicopiisiomasina.ro\/?p=398"},"modified":"2023-09-14T09:35:08","modified_gmt":"2023-09-14T09:35:08","slug":"drumetii-in-alpii-sloveni-partea-2-lacul-bled","status":"publish","type":"post","link":"https:\/\/doicopiisiomasina.ro\/index.php\/2023\/09\/05\/drumetii-in-alpii-sloveni-partea-2-lacul-bled\/","title":{"rendered":"Drume\u021bii \u00een Alpii Sloveni &#8211; partea 2, Lacul Bled"},"content":{"rendered":"\n<p>Dup\u0103 o zi petrecut\u0103 pe <a href=\"https:\/\/doicopiisiomasina.ro\/index.php\/2023\/08\/30\/drumetii-in-alpii-sloveni-partea-1-valea-savinjei\/\">Valea Savinjei<\/a>, pe care am g\u0103sit-o destul de pustie \u0219i afectat\u0103 de inunda\u021bii, am pornit spre Bled. M\u0103 a\u0219tepta o nou\u0103 surpriz\u0103. P\u0103rea c\u0103 toat\u0103 lumea a pornit o dat\u0103 cu noi \u00een aceea\u0219i direc\u021bie. Pe c\u00e2t de liber a fost \u00een prima zi, pe at\u00e2t de aglomerate au fost urm\u0103toarele zile \u00een Slovenia.<\/p>\n\n\n\n<p>De\u0219i planul ini\u021bial a fost s\u0103 lu\u0103m pr\u00e2nzul \u00een <strong>Bled<\/strong>, s\u0103 mergem s\u0103 ne caz\u0103m \u00een apropiere \u0219i apoi s\u0103 revenim la lac pentru plimbarea de dup\u0103-mas\u0103, o dat\u0103 ce am reu\u0219it s\u0103 g\u0103sim loc de parcare \u00een apropierea lacului ne-am hot\u0103r\u00e2t s\u0103 nu mai plec\u0103m dec\u00e2t o data cu l\u0103sarea serii. Plimbarea \u00een jurul lacului a durat cam 2 ore, \u0219i am descoperit locurile \u00een care se poate face baie, cu planuri s\u0103 revenim a doua zi acolo.<\/p>\n\n\n\n<figure class=\"wp-block-gallery has-nested-images columns-default is-cropped wp-block-gallery-1 is-layout-flex wp-block-gallery-is-layout-flex\">\n<figure class=\"wp-block-image size-large\"><img loading=\"lazy\" decoding=\"async\" width=\"1024\" height=\"768\" data-id=\"424\" src=\"https:\/\/doicopiisiomasina.ro\/wp-content\/uploads\/2023\/09\/img_0821-1024x768.jpg\" alt=\"\" class=\"wp-image-424\" srcset=\"https:\/\/doicopiisiomasina.ro\/wp-content\/uploads\/2023\/09\/img_0821-1024x768.jpg 1024w, https:\/\/doicopiisiomasina.ro\/wp-content\/uploads\/2023\/09\/img_0821-300x225.jpg 300w, https:\/\/doicopiisiomasina.ro\/wp-content\/uploads\/2023\/09\/img_0821-768x576.jpg 768w, https:\/\/doicopiisiomasina.ro\/wp-content\/uploads\/2023\/09\/img_0821-1536x1152.jpg 1536w, https:\/\/doicopiisiomasina.ro\/wp-content\/uploads\/2023\/09\/img_0821-2048x1536.jpg 2048w, https:\/\/doicopiisiomasina.ro\/wp-content\/uploads\/2023\/09\/img_0821-1200x900.jpg 1200w\" sizes=\"auto, (max-width: 709px) 85vw, (max-width: 909px) 67vw, (max-width: 1362px) 62vw, 840px\" \/><\/figure>\n\n\n\n<figure class=\"wp-block-image size-large\"><img loading=\"lazy\" decoding=\"async\" width=\"768\" height=\"1024\" data-id=\"426\" src=\"https:\/\/doicopiisiomasina.ro\/wp-content\/uploads\/2023\/09\/img_0812-768x1024.jpg\" alt=\"\" class=\"wp-image-426\" srcset=\"https:\/\/doicopiisiomasina.ro\/wp-content\/uploads\/2023\/09\/img_0812-768x1024.jpg 768w, https:\/\/doicopiisiomasina.ro\/wp-content\/uploads\/2023\/09\/img_0812-225x300.jpg 225w, https:\/\/doicopiisiomasina.ro\/wp-content\/uploads\/2023\/09\/img_0812-1152x1536.jpg 1152w, https:\/\/doicopiisiomasina.ro\/wp-content\/uploads\/2023\/09\/img_0812-1536x2048.jpg 1536w, https:\/\/doicopiisiomasina.ro\/wp-content\/uploads\/2023\/09\/img_0812-1200x1600.jpg 1200w, https:\/\/doicopiisiomasina.ro\/wp-content\/uploads\/2023\/09\/img_0812-scaled.jpg 1920w\" sizes=\"auto, (max-width: 709px) 85vw, (max-width: 909px) 67vw, (max-width: 984px) 61vw, (max-width: 1362px) 45vw, 600px\" \/><\/figure>\n\n\n\n<figure class=\"wp-block-image size-large\"><img loading=\"lazy\" decoding=\"async\" width=\"768\" height=\"1024\" data-id=\"427\" src=\"https:\/\/doicopiisiomasina.ro\/wp-content\/uploads\/2023\/09\/img_0819-768x1024.jpg\" alt=\"\" class=\"wp-image-427\" srcset=\"https:\/\/doicopiisiomasina.ro\/wp-content\/uploads\/2023\/09\/img_0819-768x1024.jpg 768w, https:\/\/doicopiisiomasina.ro\/wp-content\/uploads\/2023\/09\/img_0819-225x300.jpg 225w, https:\/\/doicopiisiomasina.ro\/wp-content\/uploads\/2023\/09\/img_0819-1152x1536.jpg 1152w, https:\/\/doicopiisiomasina.ro\/wp-content\/uploads\/2023\/09\/img_0819-1536x2048.jpg 1536w, https:\/\/doicopiisiomasina.ro\/wp-content\/uploads\/2023\/09\/img_0819-1200x1600.jpg 1200w, https:\/\/doicopiisiomasina.ro\/wp-content\/uploads\/2023\/09\/img_0819-scaled.jpg 1920w\" sizes=\"auto, (max-width: 709px) 85vw, (max-width: 909px) 67vw, (max-width: 984px) 61vw, (max-width: 1362px) 45vw, 600px\" \/><\/figure>\n\n\n\n<figure class=\"wp-block-image size-large\"><img loading=\"lazy\" decoding=\"async\" width=\"1024\" height=\"1024\" data-id=\"429\" src=\"https:\/\/doicopiisiomasina.ro\/wp-content\/uploads\/2023\/09\/img_0797-edited-1024x1024.jpg\" alt=\"\" class=\"wp-image-429\" srcset=\"https:\/\/doicopiisiomasina.ro\/wp-content\/uploads\/2023\/09\/img_0797-edited-1024x1024.jpg 1024w, https:\/\/doicopiisiomasina.ro\/wp-content\/uploads\/2023\/09\/img_0797-edited-300x300.jpg 300w, https:\/\/doicopiisiomasina.ro\/wp-content\/uploads\/2023\/09\/img_0797-edited-150x150.jpg 150w, https:\/\/doicopiisiomasina.ro\/wp-content\/uploads\/2023\/09\/img_0797-edited-768x768.jpg 768w, https:\/\/doicopiisiomasina.ro\/wp-content\/uploads\/2023\/09\/img_0797-edited-1536x1536.jpg 1536w, https:\/\/doicopiisiomasina.ro\/wp-content\/uploads\/2023\/09\/img_0797-edited-2048x2048.jpg 2048w, https:\/\/doicopiisiomasina.ro\/wp-content\/uploads\/2023\/09\/img_0797-edited-1200x1200.jpg 1200w\" sizes=\"auto, (max-width: 709px) 85vw, (max-width: 909px) 67vw, (max-width: 1362px) 62vw, 840px\" \/><\/figure>\n<figcaption class=\"blocks-gallery-caption wp-element-caption\">Pe malul lacului Bled<\/figcaption><\/figure>\n\n\n\n<p>Pentru ziua urm\u0103toare aveam planificat \u00eenc\u0103 de acas\u0103 o tur\u0103 pe <strong>Cheile Vintgar<\/strong>, un r\u00e2u de munte cu ap\u0103 albastr\u0103, care se strecoar\u0103 printre st\u0103nci \u0219i formeaz\u0103 cascade din loc \u00een loc. Din prezentare mi s-a p\u0103rut un fel de <a href=\"https:\/\/np-plitvicka-jezera.hr\/en\/\">Plitvice<\/a>, dar mai micu\u021b. Biletele le-am cump\u0103rat \u00een avans, de pe <a href=\"https:\/\/vintgar.si\/prices\/?lang=en\">site<\/a>, \u0219i tot atunci am ales ora la care vom intra \u00een parc. Am avut un interval de 20 de minute \u00een care puteam ajunge la intrare. Pentru c\u0103 a fost nevoie s\u0103 aliment\u0103m ma\u0219ina, drumul a fost aglomerat \u0219i locul de parcare a fost destul de departe am reu\u0219it s\u0103 ajungem fix doar cu c\u00e2teva minute \u00eenainte de sf\u00e2r\u0219itul intervalului, cu pu\u021bine emo\u021bii chiar.  <\/p>\n\n\n\n<p>Drumul prin chei a durat cam 30 de minute, c\u0103rarea fiind construit\u0103 din lemn, pe marginea st\u00e2ncilor, cred c\u0103 modul cel mai potrivit de a descoperi locul. Atmosfera a fost r\u0103coroas\u0103, din c\u00e2nd \u00een c\u00e2nd ajungeau \u0219i la noi stropii fini de ap\u0103 ai cascadelor.<\/p>\n\n\n\n<figure class=\"wp-block-gallery has-nested-images columns-default is-cropped wp-block-gallery-2 is-layout-flex wp-block-gallery-is-layout-flex\">\n<figure class=\"wp-block-image size-large\"><img loading=\"lazy\" decoding=\"async\" width=\"768\" height=\"1024\" data-id=\"431\" src=\"https:\/\/doicopiisiomasina.ro\/wp-content\/uploads\/2023\/09\/img_0828-768x1024.jpg\" alt=\"\" class=\"wp-image-431\" srcset=\"https:\/\/doicopiisiomasina.ro\/wp-content\/uploads\/2023\/09\/img_0828-768x1024.jpg 768w, https:\/\/doicopiisiomasina.ro\/wp-content\/uploads\/2023\/09\/img_0828-225x300.jpg 225w, https:\/\/doicopiisiomasina.ro\/wp-content\/uploads\/2023\/09\/img_0828-1152x1536.jpg 1152w, https:\/\/doicopiisiomasina.ro\/wp-content\/uploads\/2023\/09\/img_0828-1536x2048.jpg 1536w, https:\/\/doicopiisiomasina.ro\/wp-content\/uploads\/2023\/09\/img_0828-1200x1600.jpg 1200w, https:\/\/doicopiisiomasina.ro\/wp-content\/uploads\/2023\/09\/img_0828-scaled.jpg 1920w\" sizes=\"auto, (max-width: 709px) 85vw, (max-width: 909px) 67vw, (max-width: 984px) 61vw, (max-width: 1362px) 45vw, 600px\" \/><\/figure>\n\n\n\n<figure class=\"wp-block-image size-large\"><img loading=\"lazy\" decoding=\"async\" width=\"768\" height=\"1024\" data-id=\"430\" src=\"https:\/\/doicopiisiomasina.ro\/wp-content\/uploads\/2023\/09\/img_0839-768x1024.jpg\" alt=\"\" class=\"wp-image-430\" srcset=\"https:\/\/doicopiisiomasina.ro\/wp-content\/uploads\/2023\/09\/img_0839-768x1024.jpg 768w, https:\/\/doicopiisiomasina.ro\/wp-content\/uploads\/2023\/09\/img_0839-225x300.jpg 225w, https:\/\/doicopiisiomasina.ro\/wp-content\/uploads\/2023\/09\/img_0839-1152x1536.jpg 1152w, https:\/\/doicopiisiomasina.ro\/wp-content\/uploads\/2023\/09\/img_0839-1536x2048.jpg 1536w, https:\/\/doicopiisiomasina.ro\/wp-content\/uploads\/2023\/09\/img_0839-1200x1600.jpg 1200w, https:\/\/doicopiisiomasina.ro\/wp-content\/uploads\/2023\/09\/img_0839-scaled.jpg 1920w\" sizes=\"auto, (max-width: 709px) 85vw, (max-width: 909px) 67vw, (max-width: 984px) 61vw, (max-width: 1362px) 45vw, 600px\" \/><\/figure>\n\n\n\n<figure class=\"wp-block-image size-large\"><img loading=\"lazy\" decoding=\"async\" width=\"768\" height=\"1024\" data-id=\"432\" src=\"https:\/\/doicopiisiomasina.ro\/wp-content\/uploads\/2023\/09\/img_0837-768x1024.jpg\" alt=\"\" class=\"wp-image-432\" srcset=\"https:\/\/doicopiisiomasina.ro\/wp-content\/uploads\/2023\/09\/img_0837-768x1024.jpg 768w, https:\/\/doicopiisiomasina.ro\/wp-content\/uploads\/2023\/09\/img_0837-225x300.jpg 225w, https:\/\/doicopiisiomasina.ro\/wp-content\/uploads\/2023\/09\/img_0837-1152x1536.jpg 1152w, https:\/\/doicopiisiomasina.ro\/wp-content\/uploads\/2023\/09\/img_0837-1536x2048.jpg 1536w, https:\/\/doicopiisiomasina.ro\/wp-content\/uploads\/2023\/09\/img_0837-1200x1600.jpg 1200w, https:\/\/doicopiisiomasina.ro\/wp-content\/uploads\/2023\/09\/img_0837-scaled.jpg 1920w\" sizes=\"auto, (max-width: 709px) 85vw, (max-width: 909px) 67vw, (max-width: 984px) 61vw, (max-width: 1362px) 45vw, 600px\" \/><\/figure>\n\n\n\n<figure class=\"wp-block-image size-large\"><img loading=\"lazy\" decoding=\"async\" width=\"768\" height=\"1024\" data-id=\"433\" src=\"https:\/\/doicopiisiomasina.ro\/wp-content\/uploads\/2023\/09\/img_0852-768x1024.jpg\" alt=\"\" class=\"wp-image-433\" srcset=\"https:\/\/doicopiisiomasina.ro\/wp-content\/uploads\/2023\/09\/img_0852-768x1024.jpg 768w, https:\/\/doicopiisiomasina.ro\/wp-content\/uploads\/2023\/09\/img_0852-225x300.jpg 225w, https:\/\/doicopiisiomasina.ro\/wp-content\/uploads\/2023\/09\/img_0852-1152x1536.jpg 1152w, https:\/\/doicopiisiomasina.ro\/wp-content\/uploads\/2023\/09\/img_0852-1536x2048.jpg 1536w, https:\/\/doicopiisiomasina.ro\/wp-content\/uploads\/2023\/09\/img_0852-1200x1600.jpg 1200w, https:\/\/doicopiisiomasina.ro\/wp-content\/uploads\/2023\/09\/img_0852-scaled.jpg 1920w\" sizes=\"auto, (max-width: 709px) 85vw, (max-width: 909px) 67vw, (max-width: 984px) 61vw, (max-width: 1362px) 45vw, 600px\" \/><\/figure>\n\n\n\n<figure class=\"wp-block-image size-large\"><img loading=\"lazy\" decoding=\"async\" width=\"768\" height=\"1024\" data-id=\"434\" src=\"https:\/\/doicopiisiomasina.ro\/wp-content\/uploads\/2023\/09\/img_0840-768x1024.jpg\" alt=\"\" class=\"wp-image-434\" srcset=\"https:\/\/doicopiisiomasina.ro\/wp-content\/uploads\/2023\/09\/img_0840-768x1024.jpg 768w, https:\/\/doicopiisiomasina.ro\/wp-content\/uploads\/2023\/09\/img_0840-225x300.jpg 225w, https:\/\/doicopiisiomasina.ro\/wp-content\/uploads\/2023\/09\/img_0840-1152x1536.jpg 1152w, https:\/\/doicopiisiomasina.ro\/wp-content\/uploads\/2023\/09\/img_0840-1536x2048.jpg 1536w, https:\/\/doicopiisiomasina.ro\/wp-content\/uploads\/2023\/09\/img_0840-1200x1600.jpg 1200w, https:\/\/doicopiisiomasina.ro\/wp-content\/uploads\/2023\/09\/img_0840-scaled.jpg 1920w\" sizes=\"auto, (max-width: 709px) 85vw, (max-width: 909px) 67vw, (max-width: 984px) 61vw, (max-width: 1362px) 45vw, 600px\" \/><\/figure>\n<figcaption class=\"blocks-gallery-caption wp-element-caption\">Cheile Vintgar<\/figcaption><\/figure>\n\n\n\n<p>Dup\u0103 plimbarea pe chei, drumul ne \u00eentoarce prin p\u0103dure \u00eenapoi la parcare, o ocazie pentru copii s\u0103 se \u00eencurajeze unii pe ceilal\u021bi, sau s\u0103 fac\u0103 concurs p\u00e2n\u0103 la bradul cel mare. \u0218i pentru p\u0103rin\u021bi e o ocazie de relaxare \u0219i de a privi peisajele Alpilor Sloveni.<\/p>\n\n\n\n<figure class=\"wp-block-gallery has-nested-images columns-default is-cropped wp-block-gallery-3 is-layout-flex wp-block-gallery-is-layout-flex\">\n<figure class=\"wp-block-image size-large\"><img loading=\"lazy\" decoding=\"async\" width=\"1024\" height=\"768\" data-id=\"435\" src=\"https:\/\/doicopiisiomasina.ro\/wp-content\/uploads\/2023\/09\/ee920f09-23ad-4392-8b61-c4134d0915ba.jpg\" alt=\"\" class=\"wp-image-435\" srcset=\"https:\/\/doicopiisiomasina.ro\/wp-content\/uploads\/2023\/09\/ee920f09-23ad-4392-8b61-c4134d0915ba.jpg 1024w, https:\/\/doicopiisiomasina.ro\/wp-content\/uploads\/2023\/09\/ee920f09-23ad-4392-8b61-c4134d0915ba-300x225.jpg 300w, https:\/\/doicopiisiomasina.ro\/wp-content\/uploads\/2023\/09\/ee920f09-23ad-4392-8b61-c4134d0915ba-768x576.jpg 768w\" sizes=\"auto, (max-width: 709px) 85vw, (max-width: 909px) 67vw, (max-width: 1362px) 62vw, 840px\" \/><\/figure>\n\n\n\n<figure class=\"wp-block-image size-large\"><img loading=\"lazy\" decoding=\"async\" width=\"768\" height=\"1024\" data-id=\"436\" src=\"https:\/\/doicopiisiomasina.ro\/wp-content\/uploads\/2023\/09\/c4c0586a-0622-4dfc-95b9-68f110c22c91.jpg\" alt=\"\" class=\"wp-image-436\" srcset=\"https:\/\/doicopiisiomasina.ro\/wp-content\/uploads\/2023\/09\/c4c0586a-0622-4dfc-95b9-68f110c22c91.jpg 768w, https:\/\/doicopiisiomasina.ro\/wp-content\/uploads\/2023\/09\/c4c0586a-0622-4dfc-95b9-68f110c22c91-225x300.jpg 225w\" sizes=\"auto, (max-width: 709px) 85vw, (max-width: 909px) 67vw, (max-width: 984px) 61vw, (max-width: 1362px) 45vw, 600px\" \/><\/figure>\n\n\n\n<figure class=\"wp-block-image size-large\"><img loading=\"lazy\" decoding=\"async\" width=\"768\" height=\"1024\" data-id=\"438\" src=\"https:\/\/doicopiisiomasina.ro\/wp-content\/uploads\/2023\/09\/img_0855-768x1024.jpg\" alt=\"\" class=\"wp-image-438\" srcset=\"https:\/\/doicopiisiomasina.ro\/wp-content\/uploads\/2023\/09\/img_0855-768x1024.jpg 768w, https:\/\/doicopiisiomasina.ro\/wp-content\/uploads\/2023\/09\/img_0855-225x300.jpg 225w, https:\/\/doicopiisiomasina.ro\/wp-content\/uploads\/2023\/09\/img_0855-1152x1536.jpg 1152w, https:\/\/doicopiisiomasina.ro\/wp-content\/uploads\/2023\/09\/img_0855-1536x2048.jpg 1536w, https:\/\/doicopiisiomasina.ro\/wp-content\/uploads\/2023\/09\/img_0855-1200x1600.jpg 1200w, https:\/\/doicopiisiomasina.ro\/wp-content\/uploads\/2023\/09\/img_0855-scaled.jpg 1920w\" sizes=\"auto, (max-width: 709px) 85vw, (max-width: 909px) 67vw, (max-width: 984px) 61vw, (max-width: 1362px) 45vw, 600px\" \/><\/figure>\n\n\n\n<figure class=\"wp-block-image size-large\"><img loading=\"lazy\" decoding=\"async\" width=\"768\" height=\"1024\" data-id=\"437\" src=\"https:\/\/doicopiisiomasina.ro\/wp-content\/uploads\/2023\/09\/img_0860-768x1024.jpg\" alt=\"\" class=\"wp-image-437\" srcset=\"https:\/\/doicopiisiomasina.ro\/wp-content\/uploads\/2023\/09\/img_0860-768x1024.jpg 768w, https:\/\/doicopiisiomasina.ro\/wp-content\/uploads\/2023\/09\/img_0860-225x300.jpg 225w, https:\/\/doicopiisiomasina.ro\/wp-content\/uploads\/2023\/09\/img_0860-1152x1536.jpg 1152w, https:\/\/doicopiisiomasina.ro\/wp-content\/uploads\/2023\/09\/img_0860-1536x2048.jpg 1536w, https:\/\/doicopiisiomasina.ro\/wp-content\/uploads\/2023\/09\/img_0860-1200x1600.jpg 1200w, https:\/\/doicopiisiomasina.ro\/wp-content\/uploads\/2023\/09\/img_0860-scaled.jpg 1920w\" sizes=\"auto, (max-width: 709px) 85vw, (max-width: 909px) 67vw, (max-width: 984px) 61vw, (max-width: 1362px) 45vw, 600px\" \/><\/figure>\n<figcaption class=\"blocks-gallery-caption wp-element-caption\">Intoarcerea prin p\u0103dure<\/figcaption><\/figure>\n\n\n\n<p>Dup\u0103-mas\u0103, a\u0219a cum am promis, ne-am dus s\u0103 face baie \u00een lacul Bled. Am parcat la Camping (cu 6 euro o or\u0103 &#8211; da, e o mare problem\u0103 parcarea \u00een zon\u0103 \u0219i nici nu am remarcat variate bune f\u0103r\u0103 ma\u0219in\u0103) \u0219i chiar c\u00e2nd au intrat fetele \u00een lac a \u00eenceput ploaia. A doua baie \u00een ploaie \u00een doar 2 zile.<\/p>\n\n\n\n<figure class=\"wp-block-gallery has-nested-images columns-default is-cropped wp-block-gallery-4 is-layout-flex wp-block-gallery-is-layout-flex\">\n<figure class=\"wp-block-image size-large\"><img loading=\"lazy\" decoding=\"async\" width=\"1024\" height=\"768\" data-id=\"439\" src=\"https:\/\/doicopiisiomasina.ro\/wp-content\/uploads\/2023\/09\/15c1e841-3228-47af-b2a3-b270127f4a5d-1024x768.jpg\" alt=\"\" class=\"wp-image-439\" srcset=\"https:\/\/doicopiisiomasina.ro\/wp-content\/uploads\/2023\/09\/15c1e841-3228-47af-b2a3-b270127f4a5d-1024x768.jpg 1024w, https:\/\/doicopiisiomasina.ro\/wp-content\/uploads\/2023\/09\/15c1e841-3228-47af-b2a3-b270127f4a5d-300x225.jpg 300w, https:\/\/doicopiisiomasina.ro\/wp-content\/uploads\/2023\/09\/15c1e841-3228-47af-b2a3-b270127f4a5d-768x576.jpg 768w, https:\/\/doicopiisiomasina.ro\/wp-content\/uploads\/2023\/09\/15c1e841-3228-47af-b2a3-b270127f4a5d-1200x900.jpg 1200w, https:\/\/doicopiisiomasina.ro\/wp-content\/uploads\/2023\/09\/15c1e841-3228-47af-b2a3-b270127f4a5d.jpg 1440w\" sizes=\"auto, (max-width: 709px) 85vw, (max-width: 909px) 67vw, (max-width: 1362px) 62vw, 840px\" \/><\/figure>\n\n\n\n<figure class=\"wp-block-image size-large\"><img loading=\"lazy\" decoding=\"async\" width=\"1024\" height=\"768\" data-id=\"440\" src=\"https:\/\/doicopiisiomasina.ro\/wp-content\/uploads\/2023\/09\/83b3f3fe-9b97-4610-960d-fef22f7cc1c6-1024x768.jpg\" alt=\"\" class=\"wp-image-440\" srcset=\"https:\/\/doicopiisiomasina.ro\/wp-content\/uploads\/2023\/09\/83b3f3fe-9b97-4610-960d-fef22f7cc1c6-1024x768.jpg 1024w, https:\/\/doicopiisiomasina.ro\/wp-content\/uploads\/2023\/09\/83b3f3fe-9b97-4610-960d-fef22f7cc1c6-300x225.jpg 300w, https:\/\/doicopiisiomasina.ro\/wp-content\/uploads\/2023\/09\/83b3f3fe-9b97-4610-960d-fef22f7cc1c6-768x576.jpg 768w, https:\/\/doicopiisiomasina.ro\/wp-content\/uploads\/2023\/09\/83b3f3fe-9b97-4610-960d-fef22f7cc1c6-1200x900.jpg 1200w, https:\/\/doicopiisiomasina.ro\/wp-content\/uploads\/2023\/09\/83b3f3fe-9b97-4610-960d-fef22f7cc1c6.jpg 1440w\" sizes=\"auto, (max-width: 709px) 85vw, (max-width: 909px) 67vw, (max-width: 1362px) 62vw, 840px\" \/><\/figure>\n<figcaption class=\"blocks-gallery-caption wp-element-caption\">Baie \u00een lacul Bled<\/figcaption><\/figure>\n\n\n\n<p>Iar \u00een \u00eencheierea zilei am fost s\u0103 ne plimb\u0103m pe malul lacului Bohinj, la c\u00e2\u021biva kilometri de Bled. \u0218i acum mi-e greu s\u0103 m\u0103 hot\u0103r\u0103sc care din cele dou\u0103 lacuri e mai frumos, a\u0219a c\u0103 v\u0103 las pe voi s\u0103 decide\u021bi.<\/p>\n\n\n\n<figure class=\"wp-block-gallery has-nested-images columns-default is-cropped wp-block-gallery-5 is-layout-flex wp-block-gallery-is-layout-flex\">\n<figure class=\"wp-block-image size-large\"><img loading=\"lazy\" decoding=\"async\" width=\"768\" height=\"1024\" data-id=\"443\" src=\"https:\/\/doicopiisiomasina.ro\/wp-content\/uploads\/2023\/09\/img_0902-768x1024.jpg\" alt=\"\" class=\"wp-image-443\" srcset=\"https:\/\/doicopiisiomasina.ro\/wp-content\/uploads\/2023\/09\/img_0902-768x1024.jpg 768w, https:\/\/doicopiisiomasina.ro\/wp-content\/uploads\/2023\/09\/img_0902-225x300.jpg 225w, https:\/\/doicopiisiomasina.ro\/wp-content\/uploads\/2023\/09\/img_0902-1152x1536.jpg 1152w, https:\/\/doicopiisiomasina.ro\/wp-content\/uploads\/2023\/09\/img_0902-1536x2048.jpg 1536w, https:\/\/doicopiisiomasina.ro\/wp-content\/uploads\/2023\/09\/img_0902-1200x1600.jpg 1200w, https:\/\/doicopiisiomasina.ro\/wp-content\/uploads\/2023\/09\/img_0902-scaled.jpg 1920w\" sizes=\"auto, (max-width: 709px) 85vw, (max-width: 909px) 67vw, (max-width: 984px) 61vw, (max-width: 1362px) 45vw, 600px\" \/><\/figure>\n\n\n\n<figure class=\"wp-block-image size-large\"><img loading=\"lazy\" decoding=\"async\" width=\"768\" height=\"1024\" data-id=\"442\" src=\"https:\/\/doicopiisiomasina.ro\/wp-content\/uploads\/2023\/09\/img_0905-768x1024.jpg\" alt=\"\" class=\"wp-image-442\" srcset=\"https:\/\/doicopiisiomasina.ro\/wp-content\/uploads\/2023\/09\/img_0905-768x1024.jpg 768w, https:\/\/doicopiisiomasina.ro\/wp-content\/uploads\/2023\/09\/img_0905-225x300.jpg 225w, https:\/\/doicopiisiomasina.ro\/wp-content\/uploads\/2023\/09\/img_0905-1152x1536.jpg 1152w, https:\/\/doicopiisiomasina.ro\/wp-content\/uploads\/2023\/09\/img_0905-1536x2048.jpg 1536w, https:\/\/doicopiisiomasina.ro\/wp-content\/uploads\/2023\/09\/img_0905-1200x1600.jpg 1200w, https:\/\/doicopiisiomasina.ro\/wp-content\/uploads\/2023\/09\/img_0905-scaled.jpg 1920w\" sizes=\"auto, (max-width: 709px) 85vw, (max-width: 909px) 67vw, (max-width: 984px) 61vw, (max-width: 1362px) 45vw, 600px\" \/><\/figure>\n\n\n\n<figure class=\"wp-block-image size-large\"><img loading=\"lazy\" decoding=\"async\" width=\"1024\" height=\"768\" data-id=\"441\" src=\"https:\/\/doicopiisiomasina.ro\/wp-content\/uploads\/2023\/09\/18ba3989-9ce1-4849-83d9-797f84a17aa6-1024x768.jpg\" alt=\"\" class=\"wp-image-441\" srcset=\"https:\/\/doicopiisiomasina.ro\/wp-content\/uploads\/2023\/09\/18ba3989-9ce1-4849-83d9-797f84a17aa6-1024x768.jpg 1024w, https:\/\/doicopiisiomasina.ro\/wp-content\/uploads\/2023\/09\/18ba3989-9ce1-4849-83d9-797f84a17aa6-300x225.jpg 300w, https:\/\/doicopiisiomasina.ro\/wp-content\/uploads\/2023\/09\/18ba3989-9ce1-4849-83d9-797f84a17aa6-768x576.jpg 768w, https:\/\/doicopiisiomasina.ro\/wp-content\/uploads\/2023\/09\/18ba3989-9ce1-4849-83d9-797f84a17aa6-1536x1152.jpg 1536w, https:\/\/doicopiisiomasina.ro\/wp-content\/uploads\/2023\/09\/18ba3989-9ce1-4849-83d9-797f84a17aa6-1200x900.jpg 1200w, https:\/\/doicopiisiomasina.ro\/wp-content\/uploads\/2023\/09\/18ba3989-9ce1-4849-83d9-797f84a17aa6.jpg 1600w\" sizes=\"auto, (max-width: 709px) 85vw, (max-width: 909px) 67vw, (max-width: 1362px) 62vw, 840px\" \/><\/figure>\n<figcaption class=\"blocks-gallery-caption wp-element-caption\">Pe malul lacului Bohinj<\/figcaption><\/figure>\n\n\n\n<p>\u0218i aici am g\u0103sit o cazare inedit\u0103, cu gazd\u0103 prietenoas\u0103, o cas\u0103 \u00een care am \u00eenc\u0103put dou\u0103 familii, cu loc de joac\u0103 afar\u0103, gr\u0103din\u0103 de legume, hamac \u0219i teras\u0103 de unde se vedeau Alpii.<\/p>\n\n\n\n<figure class=\"wp-block-gallery has-nested-images columns-default is-cropped wp-block-gallery-6 is-layout-flex wp-block-gallery-is-layout-flex\">\n<figure class=\"wp-block-image size-large\"><img loading=\"lazy\" decoding=\"async\" width=\"576\" height=\"1024\" data-id=\"446\" src=\"https:\/\/doicopiisiomasina.ro\/wp-content\/uploads\/2023\/09\/80f8420e-a88e-4b37-ad2a-540a9d592788-576x1024.jpg\" alt=\"\" class=\"wp-image-446\" srcset=\"https:\/\/doicopiisiomasina.ro\/wp-content\/uploads\/2023\/09\/80f8420e-a88e-4b37-ad2a-540a9d592788-576x1024.jpg 576w, https:\/\/doicopiisiomasina.ro\/wp-content\/uploads\/2023\/09\/80f8420e-a88e-4b37-ad2a-540a9d592788-169x300.jpg 169w, https:\/\/doicopiisiomasina.ro\/wp-content\/uploads\/2023\/09\/80f8420e-a88e-4b37-ad2a-540a9d592788-768x1365.jpg 768w, https:\/\/doicopiisiomasina.ro\/wp-content\/uploads\/2023\/09\/80f8420e-a88e-4b37-ad2a-540a9d592788-864x1536.jpg 864w, https:\/\/doicopiisiomasina.ro\/wp-content\/uploads\/2023\/09\/80f8420e-a88e-4b37-ad2a-540a9d592788.jpg 1152w\" sizes=\"auto, (max-width: 576px) 85vw, 576px\" \/><\/figure>\n\n\n\n<figure class=\"wp-block-image size-large\"><img loading=\"lazy\" decoding=\"async\" width=\"576\" height=\"1024\" data-id=\"447\" src=\"https:\/\/doicopiisiomasina.ro\/wp-content\/uploads\/2023\/09\/4e8a1a65-ad53-4048-bb18-e8ccb8a03522-576x1024.jpg\" alt=\"\" class=\"wp-image-447\" srcset=\"https:\/\/doicopiisiomasina.ro\/wp-content\/uploads\/2023\/09\/4e8a1a65-ad53-4048-bb18-e8ccb8a03522-576x1024.jpg 576w, https:\/\/doicopiisiomasina.ro\/wp-content\/uploads\/2023\/09\/4e8a1a65-ad53-4048-bb18-e8ccb8a03522-169x300.jpg 169w, https:\/\/doicopiisiomasina.ro\/wp-content\/uploads\/2023\/09\/4e8a1a65-ad53-4048-bb18-e8ccb8a03522-768x1365.jpg 768w, https:\/\/doicopiisiomasina.ro\/wp-content\/uploads\/2023\/09\/4e8a1a65-ad53-4048-bb18-e8ccb8a03522-864x1536.jpg 864w, https:\/\/doicopiisiomasina.ro\/wp-content\/uploads\/2023\/09\/4e8a1a65-ad53-4048-bb18-e8ccb8a03522.jpg 1152w\" sizes=\"auto, (max-width: 576px) 85vw, 576px\" \/><\/figure>\n\n\n\n<figure class=\"wp-block-image size-large\"><img loading=\"lazy\" decoding=\"async\" width=\"1024\" height=\"768\" data-id=\"445\" src=\"https:\/\/doicopiisiomasina.ro\/wp-content\/uploads\/2023\/09\/f6439f6c-953a-449e-9a62-602c87c4875d.jpg\" alt=\"\" class=\"wp-image-445\" srcset=\"https:\/\/doicopiisiomasina.ro\/wp-content\/uploads\/2023\/09\/f6439f6c-953a-449e-9a62-602c87c4875d.jpg 1024w, https:\/\/doicopiisiomasina.ro\/wp-content\/uploads\/2023\/09\/f6439f6c-953a-449e-9a62-602c87c4875d-300x225.jpg 300w, https:\/\/doicopiisiomasina.ro\/wp-content\/uploads\/2023\/09\/f6439f6c-953a-449e-9a62-602c87c4875d-768x576.jpg 768w\" sizes=\"auto, (max-width: 709px) 85vw, (max-width: 909px) 67vw, (max-width: 1362px) 62vw, 840px\" \/><\/figure>\n<figcaption class=\"blocks-gallery-caption wp-element-caption\">Casa din Bode\u0161\u010de unde a stat dou\u0103 nop\u021bi<\/figcaption><\/figure>\n\n\n\n<p>Pentru ultima diminea\u021b\u0103 \u00een Slovenia ne-am fi dorit s\u0103 facem o plimbare cu barca pe lacul Bled, dar nu am mai ajuns. O l\u0103s\u0103m pe data viitoare, pentru c\u0103 ne-a pl\u0103cut mult zona \u0219i sper s\u0103 fie o dat\u0103 viitoare c\u00e2nd vom reveni. <\/p>\n","protected":false},"excerpt":{"rendered":"<p>Dup\u0103 o zi petrecut\u0103 pe Valea Savinjei, pe care am g\u0103sit-o destul de pustie \u0219i afectat\u0103 de inunda\u021bii, am pornit spre Bled. M\u0103 a\u0219tepta o nou\u0103 surpriz\u0103. P\u0103rea c\u0103 toat\u0103 lumea a pornit o dat\u0103 cu noi \u00een aceea\u0219i direc\u021bie. Pe c\u00e2t de liber a fost \u00een prima zi, pe at\u00e2t de aglomerate au fost &hellip; <a href=\"https:\/\/doicopiisiomasina.ro\/index.php\/2023\/09\/05\/drumetii-in-alpii-sloveni-partea-2-lacul-bled\/\" class=\"more-link\">Continue reading<span class=\"screen-reader-text\"> &#8220;Drume\u021bii \u00een Alpii Sloveni &#8211; partea 2, Lacul Bled&#8221;<\/span><\/a><\/p>\n","protected":false},"author":2,"featured_media":429,"comment_status":"open","ping_status":"open","sticky":false,"template":"","format":"standard","meta":{"_jetpack_memberships_contains_paid_content":false,"footnotes":""},"categories":[2],"tags":[91,85,94,84,5,101,89,88,86],"class_list":["post-398","post","type-post","status-publish","format-standard","has-post-thumbnail","hentry","category-calatorie","tag-alpii-sloveni","tag-bled-lake","tag-munte","tag-slovenia","tag-vacanta","tag-vacanta-in-europa","tag-vacanta-in-slovenia","tag-vacanta-la-munte","tag-vintgar-gorge"],"jetpack_featured_media_url":"https:\/\/doicopiisiomasina.ro\/wp-content\/uploads\/2023\/09\/img_0797-edited-scaled.jpg","jetpack_sharing_enabled":true,"_links":{"self":[{"href":"https:\/\/doicopiisiomasina.ro\/index.php\/wp-json\/wp\/v2\/posts\/398","targetHints":{"allow":["GET"]}}],"collection":[{"href":"https:\/\/doicopiisiomasina.ro\/index.php\/wp-json\/wp\/v2\/posts"}],"about":[{"href":"https:\/\/doicopiisiomasina.ro\/index.php\/wp-json\/wp\/v2\/types\/post"}],"author":[{"embeddable":true,"href":"https:\/\/doicopiisiomasina.ro\/index.php\/wp-json\/wp\/v2\/users\/2"}],"replies":[{"embeddable":true,"href":"https:\/\/doicopiisiomasina.ro\/index.php\/wp-json\/wp\/v2\/comments?post=398"}],"version-history":[{"count":5,"href":"https:\/\/doicopiisiomasina.ro\/index.php\/wp-json\/wp\/v2\/posts\/398\/revisions"}],"predecessor-version":[{"id":456,"href":"https:\/\/doicopiisiomasina.ro\/index.php\/wp-json\/wp\/v2\/posts\/398\/revisions\/456"}],"wp:featuredmedia":[{"embeddable":true,"href":"https:\/\/doicopiisiomasina.ro\/index.php\/wp-json\/wp\/v2\/media\/429"}],"wp:attachment":[{"href":"https:\/\/doicopiisiomasina.ro\/index.php\/wp-json\/wp\/v2\/media?parent=398"}],"wp:term":[{"taxonomy":"category","embeddable":true,"href":"https:\/\/doicopiisiomasina.ro\/index.php\/wp-json\/wp\/v2\/categories?post=398"},{"taxonomy":"post_tag","embeddable":true,"href":"https:\/\/doicopiisiomasina.ro\/index.php\/wp-json\/wp\/v2\/tags?post=398"}],"curies":[{"name":"wp","href":"https:\/\/api.w.org\/{rel}","templated":true}]}}