{"id":90,"date":"2021-06-16T05:20:05","date_gmt":"2021-06-16T05:20:05","guid":{"rendered":"https:\/\/doicopiisiomasina.ro\/?p=90"},"modified":"2023-08-30T14:30:53","modified_gmt":"2023-08-30T14:30:53","slug":"parinti-salvatori","status":"publish","type":"post","link":"https:\/\/doicopiisiomasina.ro\/index.php\/2021\/06\/16\/parinti-salvatori\/","title":{"rendered":"P\u0103rinti salvatori"},"content":{"rendered":"\n<figure class=\"wp-block-image size-large\"><img loading=\"lazy\" decoding=\"async\" width=\"1024\" height=\"768\" src=\"https:\/\/doicopiisiomasina.ro\/wp-content\/uploads\/2021\/06\/IMG_6206-1024x768.jpg\" alt=\"\" class=\"wp-image-91\" srcset=\"https:\/\/doicopiisiomasina.ro\/wp-content\/uploads\/2021\/06\/IMG_6206-1024x768.jpg 1024w, https:\/\/doicopiisiomasina.ro\/wp-content\/uploads\/2021\/06\/IMG_6206-300x225.jpg 300w, https:\/\/doicopiisiomasina.ro\/wp-content\/uploads\/2021\/06\/IMG_6206-768x576.jpg 768w, https:\/\/doicopiisiomasina.ro\/wp-content\/uploads\/2021\/06\/IMG_6206-1536x1152.jpg 1536w, https:\/\/doicopiisiomasina.ro\/wp-content\/uploads\/2021\/06\/IMG_6206-1200x900.jpg 1200w, https:\/\/doicopiisiomasina.ro\/wp-content\/uploads\/2021\/06\/IMG_6206.jpg 1600w\" sizes=\"auto, (max-width: 709px) 85vw, (max-width: 909px) 67vw, (max-width: 1362px) 62vw, 840px\" \/><figcaption class=\"wp-element-caption\">Cursul cu numarul 925<\/figcaption><\/figure>\n\n\n\n<p>C\u00e2t de des am fost cu copilul la medic? Dar \u00eentr-o situa\u021bie de urgen\u021b\u0103? Din p\u0103cate eu am fost nevoit\u0103 de c\u00e2teva ori s\u0103 o pun pe una din fete \u00een ma\u0219in\u0103 \u0219i s\u0103 fug la spital, accidente relativ banale, \u00een cas\u0103. Am f\u0103cut ce trebuia? Eu cred c\u0103 da, pentru c\u0103 suntem aici. Dar dac\u0103 reac\u021bia mea nu s-ar m\u0103sur\u0103 \u00een minute ci in secunde? A\u0219 mai \u0219tii \u0219i a\u0219 mai putea face ce trebuie f\u0103cut?<\/p>\n\n\n\n<p>Cu \u00eentreb\u0103rile acestea \u00een minte, am fost la cursul de prim ajutor al Ioanei Vartosu, acum aproape 4 ani cred. Ce facem c\u00e2nd este copilul bolnav, c\u00e2nd apel\u0103m la serviciul de ambulan\u021b\u0103 sau mergem la camera de gard\u0103, ce facem \u00een cazul unui traumatism, cum recunoa\u0219tem situa\u021bia \u00een care alergia este sever\u0103 \u0219i cum putem ac\u021biona. Uit\u00e2ndu-m\u0103 din nou peste curicula cursului, cred c\u0103 ar fi cazul s\u0103 \u00eel reiau, pentru c\u0103 \u00eemi amintesc destul de pu\u021bine dup\u0103 at\u00e2ta timp. Da, cursurile de prim ajutor trebuie reluate periodic, ca \u0219i orice alt\u0103 informa\u021bie pe care nu o folosim frecvent, o vom uit\u0103. Este \u00eens\u0103 un curs teoretic, cu foarte mul\u021bi participan\u021bi, probabil va mai dura p\u00e2n\u0103 c\u00e2nd va fi reluat.<\/p>\n\n\n\n<p>Ceea ce mi-a lipsit la cursul Ioanei a fost partea practic\u0103, cea \u00een care am putea exersa \u00een special manevrele de resuscitare. S\u0103pt\u0103m\u00e2na trecut\u0103 s-a ivit ocazia de a participa la un curs pe care \u00eel consider foarte important pentru fiecare din noi, indiferent dac\u0103 suntem sau nu p\u0103rin\u021bi. Cursul se nume\u0219te <a href=\"https:\/\/parintisalvatori.ro\/cursul-parinti-salvatori\/\">P\u0103rin\u021bi salvatori<\/a> \u0219i este un curs practic de resuscitare \u00een primul r\u00e2nd. S-a \u00eent\u00e2mplat \u00een Sala Bega a CCIAT de luni p\u00e2n\u0103 vineri, de la 10:00 \u0219i de la 17:00 \u0219i s\u00e2mb\u0103t\u0103 de la 10:00. \u00cen teorie, doar 4 ore, \u00een practic\u0103, am plecat dup\u0103 4 ore \u0219i jum\u0103tate, la ora 21:30, cu regretul de a nu putea s\u0103 particip p\u00e2n\u0103 la final.<\/p>\n\n\n\n<p>Cursul a fost sus\u021binut de domnul Vasile Vla\u0219in, fondatorul organiza\u021biei P\u0103rin\u021bi Salvatori, a c\u0103rei poveste o pute\u021bi citi <a href=\"https:\/\/parintisalvatori.ro\/despre-noi\/\">aici<\/a>. A\u0219a cum chiar dumnealui l-a descris, e un curs in primul r\u00e2nd pentru a \u00eensu\u0219i manevrele de resuscitare, dar este mult mai mult dec\u00e2t at\u00e2t &#8211; este un curs despre via\u021b\u0103, despre importanta dar si fragilitatea ei, despre a putea lua cele mai bune decizii \u0219i de a face maxim din ce e posibil c\u00e2nd suntem martori \u0219i o alt\u0103 persoan\u0103 are nevoie de ajutorul nostru.<\/p>\n\n\n\n<p>\u00cen cazul unui stop respirator nimeni nu \u0219tie exact ce trebuie s\u0103 fac\u0103 dac\u0103 nu a fost \u00eenv\u0103\u021bat \u00eenainte. Ni se pare c\u0103 \u0219tim, pentru c\u0103 am v\u0103zut de multe ori, dar inspira\u021bia de moment sau ce am mai auzit noi din popor nu pot \u00eenlocui ani de cercetare medical\u0103. De ce e important s\u0103 intervenim din prima secund\u0103? Pentru c\u0103 un creier f\u0103r\u0103 oxigen are maxim 5 minute, iar \u00een ora\u0219, ambulan\u021bele ajung \u00een medie la cazurile de genul acesta \u00een 12 minute. Dac\u0103 nu facem nimic, vor veni doar s\u0103 constate decesul. <\/p>\n\n\n\n<p>Prima parte a cursului s-a concentrat pe prezentarea pa\u0219ilor corec\u021bi \u0219i necesari pentru a evalua victima, pozi\u021bia de siguran\u021b\u0103 a unei victime incon\u0219tiente dar care nu este \u00een stop cardio-respirator, etapele efectu\u0103rii unei resuscit\u0103ri. Discu\u021bia s-a desf\u0103\u0219urat \u00eentr-un ritm alert \u0219i \u00een partea a dou\u0103 am avut to\u021bi ocazia s\u0103 exers\u0103m manevrele de resuscitare pe diverse manechine, adul\u021bi mai mari sau mai mici, chiar \u0219i copii. Ne-am uitat cum func\u021bioneaz\u0103 un defibrilator \u0219i c\u00e2t e de important e s\u0103 avem unul \u00een apropiere. Ce m-a surprins pe mine cel mai mult a fost c\u0103 face foarte multe \u00een locul salvatorului. Nu mai trebuie s\u0103 \u0219tii ce ai de f\u0103cut, trebuie doar s\u0103 ascul\u021bi ce \u00ee\u021bi spune aparatul &#8211; num\u0103r\u0103 \u00een locul t\u0103u p\u00e2n\u0103 la 30, \u00ee\u021bi spune c\u00e2nd s\u0103 faci compresii \u0219i c\u00e2nd respira\u021bii, inclusiv te corecteaz\u0103 dac\u0103 ritmul compresiilor nu este cel corect &#8211; iar \u00een momentele acelea poate fi diferen\u021ba \u00eentre via\u021b\u0103 \u0219i moarte.<\/p>\n\n\n\n<p>P\u00e2n\u0103 acum cursul acesta s-a \u021binut de 928 de ori, \u00een mai multe ora\u0219e, \u00een Rom\u00e2nia \u0219i \u00een afar\u0103 ei, dar Organiza\u021bia P\u0103rin\u021bi Salvatori face mult mai mult dec\u00e2t at\u00e2t, a contribuit la dotarea cu aparatur\u0103 a spitalelor, \u00eencep\u00e2nd cu cel din Baia Mare, unde lipsea video-bronhoscopul de care Luca ar fi avut nevoie, \u0219i ajut\u0103 cazuri individuale \u00een lupta lor de a se face bine, lista cu cele active o g\u0103\u0219i\u021bi <a href=\"https:\/\/parintisalvatori.ro\/cauze\/\">aici<\/a>.<\/p>\n\n\n\n<p>Dar domnul Vla\u0219in are planuri mai mari, printre care acela de a introduce cursuri de prim ajutor \u00een toate \u0219colile din Rom\u00e2nia. Anul acesta, pentru prima dat\u0103 va \u00eencepe un <a href=\"https:\/\/starsibian.ro\/de-1-iunie-cj-a-incheiat-un-protocol-cu-asociatia-pentru-educatie-si-caritate\/amp\/?fbclid=IwAR1dll66_NUjBpxjRiI5wjLHxVXtLh1oZqoB1VynbiZWTai8-7dhvPJpk7U\">program pilot<\/a> \u00een acest sens \u00een \u0219colile din jude\u021bul Sibiu, in colaborare cu inspectoratul \u0219colar.<\/p>\n\n\n\n<p>Cursul s-a \u021binut de 928 de ori p\u00e2n\u0103 acum. Cu o medie de participare de 25 de persoane, totalul este de 23 200 de persoane. Impresionat pentru munca unui singur om, o pic\u0103tur\u0103 \u00eentr-un ocean fa\u021b\u0103 de milioanele de rom\u00e2ni care ar putea fi oric\u00e2nd \u00een situa\u021bia de a acord\u0103 primul ajutor, p\u00e2n\u0103 c\u00e2nd ajunge ambulan\u021b\u0103. Tu unde vei fi dat\u0103 viitoare c\u00e2nd se va organiza cursul la Timi\u0219oara? Eu cu siguran\u021b\u0103 voi fi prezent\u0103.<\/p>\n","protected":false},"excerpt":{"rendered":"<p>C\u00e2t de des am fost cu copilul la medic? Dar \u00eentr-o situa\u021bie de urgen\u021b\u0103? Din p\u0103cate eu am fost nevoit\u0103 de c\u00e2teva ori s\u0103 o pun pe una din fete \u00een ma\u0219in\u0103 \u0219i s\u0103 fug la spital, accidente relativ banale, \u00een cas\u0103. Am f\u0103cut ce trebuia? Eu cred c\u0103 da, pentru c\u0103 suntem aici. Dar &hellip; <a href=\"https:\/\/doicopiisiomasina.ro\/index.php\/2021\/06\/16\/parinti-salvatori\/\" class=\"more-link\">Continue reading<span class=\"screen-reader-text\"> &#8220;P\u0103rinti salvatori&#8221;<\/span><\/a><\/p>\n","protected":false},"author":2,"featured_media":186,"comment_status":"open","ping_status":"open","sticky":false,"template":"","format":"standard","meta":{"_jetpack_memberships_contains_paid_content":false,"footnotes":""},"categories":[102],"tags":[],"class_list":["post-90","post","type-post","status-publish","format-standard","has-post-thumbnail","hentry","category-sanatate"],"jetpack_featured_media_url":"https:\/\/doicopiisiomasina.ro\/wp-content\/uploads\/2021\/06\/IMG_6206-1024x768-1.jpg","jetpack_sharing_enabled":true,"_links":{"self":[{"href":"https:\/\/doicopiisiomasina.ro\/index.php\/wp-json\/wp\/v2\/posts\/90","targetHints":{"allow":["GET"]}}],"collection":[{"href":"https:\/\/doicopiisiomasina.ro\/index.php\/wp-json\/wp\/v2\/posts"}],"about":[{"href":"https:\/\/doicopiisiomasina.ro\/index.php\/wp-json\/wp\/v2\/types\/post"}],"author":[{"embeddable":true,"href":"https:\/\/doicopiisiomasina.ro\/index.php\/wp-json\/wp\/v2\/users\/2"}],"replies":[{"embeddable":true,"href":"https:\/\/doicopiisiomasina.ro\/index.php\/wp-json\/wp\/v2\/comments?post=90"}],"version-history":[{"count":2,"href":"https:\/\/doicopiisiomasina.ro\/index.php\/wp-json\/wp\/v2\/posts\/90\/revisions"}],"predecessor-version":[{"id":420,"href":"https:\/\/doicopiisiomasina.ro\/index.php\/wp-json\/wp\/v2\/posts\/90\/revisions\/420"}],"wp:featuredmedia":[{"embeddable":true,"href":"https:\/\/doicopiisiomasina.ro\/index.php\/wp-json\/wp\/v2\/media\/186"}],"wp:attachment":[{"href":"https:\/\/doicopiisiomasina.ro\/index.php\/wp-json\/wp\/v2\/media?parent=90"}],"wp:term":[{"taxonomy":"category","embeddable":true,"href":"https:\/\/doicopiisiomasina.ro\/index.php\/wp-json\/wp\/v2\/categories?post=90"},{"taxonomy":"post_tag","embeddable":true,"href":"https:\/\/doicopiisiomasina.ro\/index.php\/wp-json\/wp\/v2\/tags?post=90"}],"curies":[{"name":"wp","href":"https:\/\/api.w.org\/{rel}","templated":true}]}}